{"id":765,"date":"2022-07-04T06:47:00","date_gmt":"2022-07-04T06:47:00","guid":{"rendered":"https:\/\/nogales.gob.mx\/portal\/?p=765"},"modified":"2022-07-06T06:49:15","modified_gmt":"2022-07-06T06:49:15","slug":"mujeres-posicionadas-en-el-ambito-del-derecho","status":"publish","type":"post","link":"https:\/\/nogales.gob.mx\/portal\/index.php\/2022\/07\/04\/mujeres-posicionadas-en-el-ambito-del-derecho\/","title":{"rendered":"Mujeres Posicionadas en el \u00c1mbito del Derecho"},"content":{"rendered":"\n<p>El d\u00eda de hoy se inaugur\u00f3 la Semana Jur\u00eddica,\u201c Mujeres Posicionadas en el \u00c1mbito del Derecho\u201d.<\/p>\n\n\n\n<p>Agradezco a la Juez del Juzgado Sexto de primera Instancia en Materia Familiar, con residencia en Nogales, Veracruz; La Mtra. Miriam Rend\u00f3n Jos\u00e9, por ser la primera expositora con el Tema de \u201cPensi\u00f3n Compensatoria\u201d.<\/p>\n\n\n\n<p>De igual forma agradezco al Notario Daniel Cordero, por ser el organizador principal de dicho evento.<\/p>\n\n\n\n<p>Nogales, Sede de Cultura Jur\u00eddica.<\/p>\n","protected":false},"excerpt":{"rendered":"<p>El d\u00eda de hoy se inaugur\u00f3 la Semana Jur\u00eddica,\u201c Mujeres Posicionadas en el \u00c1mbito del Derecho\u201d. Agradezco a la Juez<\/p>\n","protected":false},"author":1,"featured_media":766,"comment_status":"open","ping_status":"open","sticky":false,"template":"","format":"standard","meta":{"colormag_page_container_layout":"default_layout","colormag_page_sidebar_layout":"default_layout","footnotes":""},"categories":[12],"tags":[],"class_list":["post-765","post","type-post","status-publish","format-standard","has-post-thumbnail","hentry","category-noticias-nogales"],"_links":{"self":[{"href":"https:\/\/nogales.gob.mx\/portal\/index.php\/wp-json\/wp\/v2\/posts\/765","targetHints":{"allow":["GET"]}}],"collection":[{"href":"https:\/\/nogales.gob.mx\/portal\/index.php\/wp-json\/wp\/v2\/posts"}],"about":[{"href":"https:\/\/nogales.gob.mx\/portal\/index.php\/wp-json\/wp\/v2\/types\/post"}],"author":[{"embeddable":true,"href":"https:\/\/nogales.gob.mx\/portal\/index.php\/wp-json\/wp\/v2\/users\/1"}],"replies":[{"embeddable":true,"href":"https:\/\/nogales.gob.mx\/portal\/index.php\/wp-json\/wp\/v2\/comments?post=765"}],"version-history":[{"count":1,"href":"https:\/\/nogales.gob.mx\/portal\/index.php\/wp-json\/wp\/v2\/posts\/765\/revisions"}],"predecessor-version":[{"id":767,"href":"https:\/\/nogales.gob.mx\/portal\/index.php\/wp-json\/wp\/v2\/posts\/765\/revisions\/767"}],"wp:featuredmedia":[{"embeddable":true,"href":"https:\/\/nogales.gob.mx\/portal\/index.php\/wp-json\/wp\/v2\/media\/766"}],"wp:attachment":[{"href":"https:\/\/nogales.gob.mx\/portal\/index.php\/wp-json\/wp\/v2\/media?parent=765"}],"wp:term":[{"taxonomy":"category","embeddable":true,"href":"https:\/\/nogales.gob.mx\/portal\/index.php\/wp-json\/wp\/v2\/categories?post=765"},{"taxonomy":"post_tag","embeddable":true,"href":"https:\/\/nogales.gob.mx\/portal\/index.php\/wp-json\/wp\/v2\/tags?post=765"}],"curies":[{"name":"wp","href":"https:\/\/api.w.org\/{rel}","templated":true}]}}